{"id":21100,"date":"2024-05-28T13:50:28","date_gmt":"2024-05-28T11:50:28","guid":{"rendered":"https:\/\/tedelta.com\/?p=21100"},"modified":"2024-05-28T15:55:27","modified_gmt":"2024-05-28T13:55:27","slug":"pack-mexico-2024-tedelta","status":"publish","type":"post","link":"https:\/\/tedelta.com\/fr\/pack-mexico-2024-tedelta\/","title":{"rendered":"ESTAREMOS EN EXPO PACK MEXICO 2024 ATENDIENDO SUS NECESIDADES"},"content":{"rendered":"<p>TEDELTA esta encantada de comunicarles que, la pr\u00f3xima semana, del 4 al 7 de junio, acudir\u00e1 a Expo Pack M\u00e9xico 2024, Dicha edici\u00f3n, tendr\u00e1 lugar, como cada dos a\u00f1os, en la Santa F\u00e9, Ciudad de M\u00e9xico.<\/p>\n<p>En este evento se re\u00fanen profesionales del sector del envasado y procesamiento de todo el mundo. Latinoam\u00e9rica es un mercado que cada vez esta m\u00e1s en auge y que promete crecer en los pr\u00f3ximos a\u00f1os.<\/p>\n<p>Tedelta presentara sus innovaciones en m\u00e1quinas de tapado adaptadas a los distintos sectores con los que trabaja: Alimentaci\u00f3n, Bebidas, Vinos y licores, Pharma, Cosm\u00e9ticos, qu\u00edmicos, etc.<\/p>\n<p>No pierda la oportunidad de hacer una visita a nuestro stand, situado en el Pabell\u00f3n de Espa\u00f1a, stand #1250. Nuestro equipo estar\u00e1 encantado de resolver todas sus dudas y buscar juntos soluciones de tapado para afrontar nuevos retos juntos.<\/p>\n","protected":false},"excerpt":{"rendered":"<p>TEDELTA esta encantada de comunicarles que, la pr\u00f3xima semana, del 4 al 7 de junio, acudir\u00e1 a Expo Pack M\u00e9xico 2024, Dicha edici\u00f3n, tendr\u00e1 lugar, como cada dos a\u00f1os, en la Santa F\u00e9, Ciudad de M\u00e9xico. En este evento se re\u00fanen profesionales del sector del envasado y procesamiento de todo el mundo. Latinoam\u00e9rica es un<\/p>\n","protected":false},"author":16,"featured_media":21095,"comment_status":"closed","ping_status":"closed","sticky":false,"template":"","format":"standard","meta":{"footnotes":""},"categories":[1069,192],"tags":[],"class_list":["post-21100","post","type-post","status-publish","format-standard","has-post-thumbnail","hentry","category-conoce_tedelta_blog","category-ferias-y-eventos"],"_links":{"self":[{"href":"https:\/\/tedelta.com\/fr\/wp-json\/wp\/v2\/posts\/21100"}],"collection":[{"href":"https:\/\/tedelta.com\/fr\/wp-json\/wp\/v2\/posts"}],"about":[{"href":"https:\/\/tedelta.com\/fr\/wp-json\/wp\/v2\/types\/post"}],"author":[{"embeddable":true,"href":"https:\/\/tedelta.com\/fr\/wp-json\/wp\/v2\/users\/16"}],"replies":[{"embeddable":true,"href":"https:\/\/tedelta.com\/fr\/wp-json\/wp\/v2\/comments?post=21100"}],"version-history":[{"count":0,"href":"https:\/\/tedelta.com\/fr\/wp-json\/wp\/v2\/posts\/21100\/revisions"}],"wp:featuredmedia":[{"embeddable":true,"href":"https:\/\/tedelta.com\/fr\/wp-json\/wp\/v2\/media\/21095"}],"wp:attachment":[{"href":"https:\/\/tedelta.com\/fr\/wp-json\/wp\/v2\/media?parent=21100"}],"wp:term":[{"taxonomy":"category","embeddable":true,"href":"https:\/\/tedelta.com\/fr\/wp-json\/wp\/v2\/categories?post=21100"},{"taxonomy":"post_tag","embeddable":true,"href":"https:\/\/tedelta.com\/fr\/wp-json\/wp\/v2\/tags?post=21100"}],"curies":[{"name":"wp","href":"https:\/\/api.w.org\/{rel}","templated":true}]}}